{"id":241,"date":"2025-10-07T17:52:52","date_gmt":"2025-10-07T17:52:52","guid":{"rendered":"https:\/\/acodepa.org\/blog\/?p=241"},"modified":"2025-10-07T17:56:55","modified_gmt":"2025-10-07T17:56:55","slug":"copa-mundial-de-hockey-fih-2026","status":"publish","type":"post","link":"https:\/\/acodepa.org\/blog\/copa-mundial-de-hockey-fih-2026\/","title":{"rendered":"Copa Mundial de Hockey FIH 2026: Sedes, Formato y Novedades Hist\u00f3ricas"},"content":{"rendered":"\t\t<div data-elementor-type=\"wp-post\" data-elementor-id=\"241\" class=\"elementor elementor-241\" data-elementor-post-type=\"post\">\n\t\t\t\t<div data-particle_enable=\"false\" data-particle-mobile-disabled=\"false\" class=\"elementor-element elementor-element-44ae442 e-con-full e-flex e-con e-parent\" data-id=\"44ae442\" data-element_type=\"container\" data-e-type=\"container\">\n\t\t<div data-particle_enable=\"false\" data-particle-mobile-disabled=\"false\" class=\"elementor-element elementor-element-1f9f1c1 e-con-full e-flex e-con e-child\" data-id=\"1f9f1c1\" data-element_type=\"container\" data-e-type=\"container\">\n\t\t\t\t<\/div>\n\t\t<div data-particle_enable=\"false\" data-particle-mobile-disabled=\"false\" class=\"elementor-element elementor-element-c236585 e-con-full e-flex e-con e-child\" data-id=\"c236585\" data-element_type=\"container\" data-e-type=\"container\">\n\t\t\t\t<div class=\"elementor-element elementor-element-2e2ff96 elementor-widget elementor-widget-text-editor\" data-id=\"2e2ff96\" data-element_type=\"widget\" data-e-type=\"widget\" data-widget_type=\"text-editor.default\">\n\t\t\t\t<div class=\"elementor-widget-container\">\n\t\t\t\t\t\t\t\t\t<p data-start=\"215\" data-end=\"530\">Del <strong data-start=\"381\" data-end=\"411\">15 al 30 de agosto de 2026<\/strong>, el mundo del hockey vivir\u00e1 una fiesta hist\u00f3rica: la <strong data-start=\"465\" data-end=\"500\">Copa Mundial de Hockey FIH 2026<\/strong>, organizada de forma conjunta por <strong data-start=\"535\" data-end=\"546\">B\u00e9lgica<\/strong> y <strong data-start=\"549\" data-end=\"565\">Pa\u00edses Bajos<\/strong>. Este evento no solo reunir\u00e1 a las mejores selecciones masculinas y femeninas del planeta, sino que tambi\u00e9n marcar\u00e1 un hito con la <strong data-start=\"697\" data-end=\"739\">primera Copa Mundial de ParaHockey FIH<\/strong>, un gran paso hacia la inclusi\u00f3n en el deporte.<\/p>\t\t\t\t\t\t\t\t<\/div>\n\t\t\t\t<\/div>\n\t\t\t\t<div class=\"elementor-element elementor-element-481533b elementor-widget elementor-widget-heading\" data-id=\"481533b\" data-element_type=\"widget\" data-e-type=\"widget\" data-widget_type=\"heading.default\">\n\t\t\t\t<div class=\"elementor-widget-container\">\n\t\t\t\t\t<h2 class=\"elementor-heading-title elementor-size-default\">Una Doble Sede de Lujo\n\n<\/h2>\t\t\t\t<\/div>\n\t\t\t\t<\/div>\n\t\t\t\t<div class=\"elementor-element elementor-element-be57aa4 elementor-widget elementor-widget-image\" data-id=\"be57aa4\" data-element_type=\"widget\" data-e-type=\"widget\" data-widget_type=\"image.default\">\n\t\t\t\t<div class=\"elementor-widget-container\">\n\t\t\t\t\t\t\t\t\t\t\t\t\t\t\t<img fetchpriority=\"high\" decoding=\"async\" width=\"640\" height=\"360\" src=\"https:\/\/acodepa.org\/blog\/wp-content\/uploads\/2025\/10\/large_U_Bo_Kv_V_Jp_HN_2e6d75f4f0.webp\" class=\"attachment-large size-large wp-image-242\" alt=\"\" srcset=\"https:\/\/acodepa.org\/blog\/wp-content\/uploads\/2025\/10\/large_U_Bo_Kv_V_Jp_HN_2e6d75f4f0.webp 1000w, https:\/\/acodepa.org\/blog\/wp-content\/uploads\/2025\/10\/large_U_Bo_Kv_V_Jp_HN_2e6d75f4f0-300x169.webp 300w, https:\/\/acodepa.org\/blog\/wp-content\/uploads\/2025\/10\/large_U_Bo_Kv_V_Jp_HN_2e6d75f4f0-768x432.webp 768w\" sizes=\"(max-width: 640px) 100vw, 640px\" \/>\t\t\t\t\t\t\t\t\t\t\t\t\t\t\t<\/div>\n\t\t\t\t<\/div>\n\t\t\t\t<div class=\"elementor-element elementor-element-4a50887 elementor-widget elementor-widget-heading\" data-id=\"4a50887\" data-element_type=\"widget\" data-e-type=\"widget\" data-widget_type=\"heading.default\">\n\t\t\t\t<div class=\"elementor-widget-container\">\n\t\t\t\t\t<h2 class=\"elementor-heading-title elementor-size-default\">Equipos Clasificados y Camino al Mundial\n\n<\/h2>\t\t\t\t<\/div>\n\t\t\t\t<\/div>\n\t\t\t\t<div class=\"elementor-element elementor-element-cb085d3 elementor-widget elementor-widget-text-editor\" data-id=\"cb085d3\" data-element_type=\"widget\" data-e-type=\"widget\" data-widget_type=\"text-editor.default\">\n\t\t\t\t<div class=\"elementor-widget-container\">\n\t\t\t\t\t\t\t\t\t<p data-start=\"1334\" data-end=\"1391\">Hasta ahora, <strong data-start=\"1347\" data-end=\"1365\">16 selecciones<\/strong> ya aseguraron su lugar:<\/p><p data-start=\"1394\" data-end=\"1500\"><strong data-start=\"1394\" data-end=\"1407\">Femenino:<\/strong> B\u00e9lgica, Pa\u00edses Bajos, Argentina, China, Alemania, Nueva Zelanda, Espa\u00f1a y Estados Unidos.<\/p><p data-start=\"1503\" data-end=\"1605\"><strong data-start=\"1503\" data-end=\"1517\">Masculino:<\/strong> B\u00e9lgica, Pa\u00edses Bajos, Argentina, Australia, Alemania, India, Nueva Zelanda y Espa\u00f1a.<\/p><p data-start=\"1607\" data-end=\"1826\">Los cupos restantes se definir\u00e1n tras el <strong data-start=\"1648\" data-end=\"1671\">Campeonato Africano<\/strong> y las <strong data-start=\"1678\" data-end=\"1703\">eliminatorias de 2026<\/strong>.<br data-start=\"1704\" data-end=\"1707\" \/>En <strong data-start=\"1710\" data-end=\"1727\">marzo de 2026<\/strong> se realizar\u00e1 el <strong data-start=\"1744\" data-end=\"1762\">sorteo oficial<\/strong>, donde se conocer\u00e1n los grupos y las sedes base de cada equipo.<\/p>\t\t\t\t\t\t\t\t<\/div>\n\t\t\t\t<\/div>\n\t\t\t\t<div class=\"elementor-element elementor-element-f628070 elementor-widget elementor-widget-heading\" data-id=\"f628070\" data-element_type=\"widget\" data-e-type=\"widget\" data-widget_type=\"heading.default\">\n\t\t\t\t<div class=\"elementor-widget-container\">\n\t\t\t\t\t<h2 class=\"elementor-heading-title elementor-size-default\">Nuevo Formato de Competici\u00f3n\n<\/h2>\t\t\t\t<\/div>\n\t\t\t\t<\/div>\n\t\t\t\t<div class=\"elementor-element elementor-element-1ed4a4b elementor-widget elementor-widget-text-editor\" data-id=\"1ed4a4b\" data-element_type=\"widget\" data-e-type=\"widget\" data-widget_type=\"text-editor.default\">\n\t\t\t\t<div class=\"elementor-widget-container\">\n\t\t\t\t\t\t\t\t\t<p data-start=\"1873\" data-end=\"1975\">El torneo adoptar\u00e1 un formato innovador para aumentar la emoci\u00f3n y el n\u00famero de partidos competitivos:<\/p><p data-start=\"1979\" data-end=\"2021\"><strong data-start=\"1979\" data-end=\"1996\">Primera Fase:<\/strong> 4 grupos de 4 equipos.<\/p><p data-start=\"2025\" data-end=\"2164\"><strong data-start=\"2025\" data-end=\"2042\">Segunda Fase:<\/strong> Los dos primeros de cada grupo avanzan a nuevos grupos (E y F), arrastrando los puntos obtenidos contra el rival com\u00fan.<\/p><p data-start=\"2168\" data-end=\"2187\"><strong data-start=\"2168\" data-end=\"2185\">Definiciones:<\/strong><\/p><p data-start=\"2193\" data-end=\"2243\">Los dos primeros de E y F avanzan a semifinales.<\/p><p data-start=\"2249\" data-end=\"2297\">Los terceros y cuartos juegan por puestos 5-8.<\/p><p data-start=\"2303\" data-end=\"2341\">Los dem\u00e1s disputan los puestos 9-16.<\/p><p data-start=\"2345\" data-end=\"2385\"><strong data-start=\"2345\" data-end=\"2361\">Semifinales:<\/strong> en Wavre y \u00c1msterdam.<\/p><p data-start=\"2388\" data-end=\"2436\"><strong data-start=\"2388\" data-end=\"2407\">Final femenina:<\/strong> 29 de agosto en \u00c1msterdam.<\/p><p data-start=\"2439\" data-end=\"2482\"><strong data-start=\"2439\" data-end=\"2459\">Final masculina:<\/strong> 30 de agosto en Wavre.<\/p>\t\t\t\t\t\t\t\t<\/div>\n\t\t\t\t<\/div>\n\t\t\t\t<div class=\"elementor-element elementor-element-68f99e3 elementor-widget elementor-widget-heading\" data-id=\"68f99e3\" data-element_type=\"widget\" data-e-type=\"widget\" data-widget_type=\"heading.default\">\n\t\t\t\t<div class=\"elementor-widget-container\">\n\t\t\t\t\t<h2 class=\"elementor-heading-title elementor-size-default\">Un Mundial Inclusivo<\/h2>\t\t\t\t<\/div>\n\t\t\t\t<\/div>\n\t\t\t\t<div class=\"elementor-element elementor-element-a02674a elementor-widget elementor-widget-text-editor\" data-id=\"a02674a\" data-element_type=\"widget\" data-e-type=\"widget\" data-widget_type=\"text-editor.default\">\n\t\t\t\t<div class=\"elementor-widget-container\">\n\t\t\t\t\t\t\t\t\t<p data-start=\"2521\" data-end=\"2793\">La edici\u00f3n 2026 ser\u00e1 <strong data-start=\"2542\" data-end=\"2555\">hist\u00f3rica<\/strong> al albergar la <strong data-start=\"2571\" data-end=\"2613\">primera Copa Mundial de ParaHockey FIH<\/strong>, para atletas con discapacidad intelectual (DI).<br data-start=\"2662\" data-end=\"2665\" \/>Las finales se disputar\u00e1n en los mismos estadios, enviando un mensaje claro de <strong data-start=\"2744\" data-end=\"2778\">diversidad, inclusi\u00f3n y unidad<\/strong> en el deporte.<\/p><p data-start=\"2795\" data-end=\"2853\">El presidente de la FIH, <strong data-start=\"2820\" data-end=\"2836\">Tayyab Ikram<\/strong>, lo expres\u00f3 as\u00ed:<\/p><blockquote data-start=\"2854\" data-end=\"3039\"><p data-start=\"2856\" data-end=\"3039\">\u201cQueremos que el hockey sea un motor de respeto, inclusi\u00f3n y juego limpio. Este Mundial ser\u00e1 una celebraci\u00f3n de nuestros valores y un escaparate para el talento de todos los atletas\u201d.<\/p><\/blockquote>\t\t\t\t\t\t\t\t<\/div>\n\t\t\t\t<\/div>\n\t\t\t\t<div class=\"elementor-element elementor-element-4f9537d elementor-widget elementor-widget-heading\" data-id=\"4f9537d\" data-element_type=\"widget\" data-e-type=\"widget\" data-widget_type=\"heading.default\">\n\t\t\t\t<div class=\"elementor-widget-container\">\n\t\t\t\t\t<h2 class=\"elementor-heading-title elementor-size-default\">Lo que Viene<\/h2>\t\t\t\t<\/div>\n\t\t\t\t<\/div>\n\t\t\t\t<div class=\"elementor-element elementor-element-f26e7bb elementor-widget elementor-widget-text-editor\" data-id=\"f26e7bb\" data-element_type=\"widget\" data-e-type=\"widget\" data-widget_type=\"text-editor.default\">\n\t\t\t\t<div class=\"elementor-widget-container\">\n\t\t\t\t\t\t\t\t\t<p data-start=\"3072\" data-end=\"3140\">Inicio de la <strong data-start=\"3085\" data-end=\"3106\">venta de entradas<\/strong> con los horarios ya anunciados.<br \/><br \/>Definici\u00f3n de los \u00faltimos clasificados y el <strong data-start=\"3187\" data-end=\"3214\">sorteo en marzo de 2026<\/strong>.<br \/><br \/>Expectaci\u00f3n m\u00e1xima por el debut del <strong data-start=\"3256\" data-end=\"3278\">ParaHockey Mundial<\/strong>.<\/p><p data-start=\"3220\" data-end=\"3279\">Para m\u00e1s informaci\u00f3n, visita <a class=\"decorated-link\" href=\"http:\/\/www.worldcup.hockey\" target=\"_new\" rel=\"noopener\" data-start=\"3558\" data-end=\"3607\">www.worldcup.hockey<\/a><\/p>\t\t\t\t\t\t\t\t<\/div>\n\t\t\t\t<\/div>\n\t\t\t\t<\/div>\n\t\t\t\t<\/div>\n\t\t\t\t<\/div>\n\t\t","protected":false},"excerpt":{"rendered":"<p>Del 15 al 30 de agosto de 2026, el mundo del hockey vivir\u00e1 una fiesta [&hellip;]<\/p>\n","protected":false},"author":2,"featured_media":246,"comment_status":"closed","ping_status":"closed","sticky":false,"template":"","format":"standard","meta":{"footnotes":""},"categories":[6],"tags":[],"class_list":["post-241","post","type-post","status-publish","format-standard","has-post-thumbnail","hentry","category-deportes"],"_links":{"self":[{"href":"https:\/\/acodepa.org\/blog\/wp-json\/wp\/v2\/posts\/241","targetHints":{"allow":["GET"]}}],"collection":[{"href":"https:\/\/acodepa.org\/blog\/wp-json\/wp\/v2\/posts"}],"about":[{"href":"https:\/\/acodepa.org\/blog\/wp-json\/wp\/v2\/types\/post"}],"author":[{"embeddable":true,"href":"https:\/\/acodepa.org\/blog\/wp-json\/wp\/v2\/users\/2"}],"replies":[{"embeddable":true,"href":"https:\/\/acodepa.org\/blog\/wp-json\/wp\/v2\/comments?post=241"}],"version-history":[{"count":10,"href":"https:\/\/acodepa.org\/blog\/wp-json\/wp\/v2\/posts\/241\/revisions"}],"predecessor-version":[{"id":254,"href":"https:\/\/acodepa.org\/blog\/wp-json\/wp\/v2\/posts\/241\/revisions\/254"}],"wp:featuredmedia":[{"embeddable":true,"href":"https:\/\/acodepa.org\/blog\/wp-json\/wp\/v2\/media\/246"}],"wp:attachment":[{"href":"https:\/\/acodepa.org\/blog\/wp-json\/wp\/v2\/media?parent=241"}],"wp:term":[{"taxonomy":"category","embeddable":true,"href":"https:\/\/acodepa.org\/blog\/wp-json\/wp\/v2\/categories?post=241"},{"taxonomy":"post_tag","embeddable":true,"href":"https:\/\/acodepa.org\/blog\/wp-json\/wp\/v2\/tags?post=241"}],"curies":[{"name":"wp","href":"https:\/\/api.w.org\/{rel}","templated":true}]}}