{"id":154,"date":"2025-04-28T19:03:21","date_gmt":"2025-04-28T19:03:21","guid":{"rendered":"https:\/\/acodepa.org\/blog\/?p=154"},"modified":"2025-04-28T19:10:45","modified_gmt":"2025-04-28T19:10:45","slug":"campeonato-panamericano-y-de-oceania-de-judo-2025","status":"publish","type":"post","link":"https:\/\/acodepa.org\/blog\/campeonato-panamericano-y-de-oceania-de-judo-2025\/","title":{"rendered":"Campeonato Panamericano y de Ocean\u00eda de Judo 2025: Brasil y Cuba brillan en Santiago de Chile"},"content":{"rendered":"\t\t<div data-elementor-type=\"wp-post\" data-elementor-id=\"154\" class=\"elementor elementor-154\" data-elementor-post-type=\"post\">\n\t\t\t\t<div data-particle_enable=\"false\" data-particle-mobile-disabled=\"false\" class=\"elementor-element elementor-element-44ae442 e-con-full e-flex e-con e-parent\" data-id=\"44ae442\" data-element_type=\"container\" data-e-type=\"container\">\n\t\t<div data-particle_enable=\"false\" data-particle-mobile-disabled=\"false\" class=\"elementor-element elementor-element-1f9f1c1 e-con-full e-flex e-con e-child\" data-id=\"1f9f1c1\" data-element_type=\"container\" data-e-type=\"container\">\n\t\t\t\t<\/div>\n\t\t<div data-particle_enable=\"false\" data-particle-mobile-disabled=\"false\" class=\"elementor-element elementor-element-c236585 e-con-full e-flex e-con e-child\" data-id=\"c236585\" data-element_type=\"container\" data-e-type=\"container\">\n\t\t\t\t<div class=\"elementor-element elementor-element-1b119e1 elementor-widget elementor-widget-text-editor\" data-id=\"1b119e1\" data-element_type=\"widget\" data-e-type=\"widget\" data-widget_type=\"text-editor.default\">\n\t\t\t\t<div class=\"elementor-widget-container\">\n\t\t\t\t\t\t\t\t\t<p class=\"\" data-start=\"213\" data-end=\"545\">El Campeonato Panamericano y de Ocean\u00eda de Judo 2025, celebrado entre el 25 y el 27 de abril en Santiago de Chile, dej\u00f3 grandes momentos deportivos y confirm\u00f3 el dominio de Brasil en la regi\u00f3n. Cuba, Colombia y Argentina tambi\u00e9n firmaron destacadas actuaciones en un evento que reuni\u00f3 a los mejores judocas del continente y Ocean\u00eda.<\/p>\n<h2 class=\"\" data-start=\"547\" data-end=\"602\">\u00a0<\/h2>\t\t\t\t\t\t\t\t<\/div>\n\t\t\t\t<\/div>\n\t\t\t\t<div class=\"elementor-element elementor-element-be57aa4 elementor-widget elementor-widget-image\" data-id=\"be57aa4\" data-element_type=\"widget\" data-e-type=\"widget\" data-widget_type=\"image.default\">\n\t\t\t\t<div class=\"elementor-widget-container\">\n\t\t\t\t\t\t\t\t\t\t\t\t\t\t\t<img fetchpriority=\"high\" decoding=\"async\" width=\"640\" height=\"427\" src=\"https:\/\/acodepa.org\/blog\/wp-content\/uploads\/2025\/04\/001095984W-1-1024x683.jpg\" class=\"attachment-large size-large wp-image-156\" alt=\"\" srcset=\"https:\/\/acodepa.org\/blog\/wp-content\/uploads\/2025\/04\/001095984W-1-1024x683.jpg 1024w, https:\/\/acodepa.org\/blog\/wp-content\/uploads\/2025\/04\/001095984W-1-300x200.jpg 300w, https:\/\/acodepa.org\/blog\/wp-content\/uploads\/2025\/04\/001095984W-1-768x512.jpg 768w, https:\/\/acodepa.org\/blog\/wp-content\/uploads\/2025\/04\/001095984W-1-1536x1024.jpg 1536w, https:\/\/acodepa.org\/blog\/wp-content\/uploads\/2025\/04\/001095984W-1.jpg 1800w\" sizes=\"(max-width: 640px) 100vw, 640px\" \/>\t\t\t\t\t\t\t\t\t\t\t\t\t\t\t<\/div>\n\t\t\t\t<\/div>\n\t\t\t\t<div class=\"elementor-element elementor-element-ae1efb9 elementor-widget elementor-widget-heading\" data-id=\"ae1efb9\" data-element_type=\"widget\" data-e-type=\"widget\" data-widget_type=\"heading.default\">\n\t\t\t\t<div class=\"elementor-widget-container\">\n\t\t\t\t\t<h2 class=\"elementor-heading-title elementor-size-default\">Brasil reafirma su supremac\u00eda en el judo continental\n<\/h2>\t\t\t\t<\/div>\n\t\t\t\t<\/div>\n\t\t\t\t<div class=\"elementor-element elementor-element-2e2ff96 elementor-widget elementor-widget-text-editor\" data-id=\"2e2ff96\" data-element_type=\"widget\" data-e-type=\"widget\" data-widget_type=\"text-editor.default\">\n\t\t\t\t<div class=\"elementor-widget-container\">\n\t\t\t\t\t\t\t\t\t<p class=\"\" data-start=\"604\" data-end=\"886\">Brasil se consolid\u00f3 como la principal potencia regional al conquistar <strong data-start=\"674\" data-end=\"709\">nueve de las 14 medallas de oro<\/strong> en juego, adem\u00e1s del <strong data-start=\"731\" data-end=\"775\">oro en la competencia por equipos mixtos<\/strong>. La s\u00f3lida actuaci\u00f3n del equipo brasile\u00f1o reafirma su posici\u00f3n como referente en el judo americano y oce\u00e1nico.<\/p>\n<h2 class=\"\" data-start=\"888\" data-end=\"943\">\u00a0<\/h2>\t\t\t\t\t\t\t\t<\/div>\n\t\t\t\t<\/div>\n\t\t\t\t<div class=\"elementor-element elementor-element-481533b elementor-widget elementor-widget-heading\" data-id=\"481533b\" data-element_type=\"widget\" data-e-type=\"widget\" data-widget_type=\"heading.default\">\n\t\t\t\t<div class=\"elementor-widget-container\">\n\t\t\t\t\t<h2 class=\"elementor-heading-title elementor-size-default\">Cuba, una actuaci\u00f3n de peso liderada por Andy Granda\n\n<\/h2>\t\t\t\t<\/div>\n\t\t\t\t<\/div>\n\t\t\t\t<div class=\"elementor-element elementor-element-2561367 elementor-widget elementor-widget-text-editor\" data-id=\"2561367\" data-element_type=\"widget\" data-e-type=\"widget\" data-widget_type=\"text-editor.default\">\n\t\t\t\t<div class=\"elementor-widget-container\">\n\t\t\t\t\t\t\t\t\t<p class=\"\" data-start=\"945\" data-end=\"1274\">Cuba tuvo una destacada participaci\u00f3n, sumando <strong data-start=\"992\" data-end=\"1038\">seis medallas en competencias individuales<\/strong> y una <strong data-start=\"1045\" data-end=\"1086\">plata en la prueba por equipos mixtos<\/strong>. Entre los logros m\u00e1s importantes se destac\u00f3 <strong data-start=\"1132\" data-end=\"1147\">Andy Granda<\/strong>, campe\u00f3n mundial en 2022 y doble campe\u00f3n panamericano, quien sum\u00f3 su <strong data-start=\"1217\" data-end=\"1246\">quinto t\u00edtulo continental<\/strong> en la categor\u00eda de +100 kg.<\/p>\n<p class=\"\" data-start=\"1276\" data-end=\"1319\">Otros cubanos que subieron al podio fueron:<\/p>\n<ul data-start=\"1320\" data-end=\"1523\">\n<li class=\"\" data-start=\"1320\" data-end=\"1359\">\n<p class=\"\" data-start=\"1322\" data-end=\"1359\"><strong data-start=\"1322\" data-end=\"1341\">Jonathan Charon<\/strong> (plata en -60 kg)<\/p>\n<\/li>\n<li class=\"\" data-start=\"1360\" data-end=\"1401\">\n<p class=\"\" data-start=\"1362\" data-end=\"1401\"><strong data-start=\"1362\" data-end=\"1381\">Jonathan Loynaz<\/strong> (bronce en +100 kg)<\/p>\n<\/li>\n<li class=\"\" data-start=\"1402\" data-end=\"1442\">\n<p class=\"\" data-start=\"1404\" data-end=\"1442\"><strong data-start=\"1404\" data-end=\"1423\">Maylin del Toro<\/strong> (bronce en -63 kg)<\/p>\n<\/li>\n<li class=\"\" data-start=\"1443\" data-end=\"1482\">\n<p class=\"\" data-start=\"1445\" data-end=\"1482\"><strong data-start=\"1445\" data-end=\"1463\">Lianet Cardona<\/strong> (bronce en -78 kg)<\/p>\n<\/li>\n<li class=\"\" data-start=\"1483\" data-end=\"1523\">\n<p class=\"\" data-start=\"1485\" data-end=\"1523\"><strong data-start=\"1485\" data-end=\"1504\">Naomis Elizarde<\/strong> (bronce en +78 kg)<\/p>\n<\/li>\n<\/ul>\t\t\t\t\t\t\t\t<\/div>\n\t\t\t\t<\/div>\n\t\t\t\t<div class=\"elementor-element elementor-element-063eeb5 elementor-widget elementor-widget-image\" data-id=\"063eeb5\" data-element_type=\"widget\" data-e-type=\"widget\" data-widget_type=\"image.default\">\n\t\t\t\t<div class=\"elementor-widget-container\">\n\t\t\t\t\t\t\t\t\t\t\t\t\t\t\t<img decoding=\"async\" width=\"640\" height=\"374\" src=\"https:\/\/acodepa.org\/blog\/wp-content\/uploads\/2025\/04\/post_Screenshot_20250424_144607_Instagram.jpg\" class=\"attachment-large size-large wp-image-155\" alt=\"\" srcset=\"https:\/\/acodepa.org\/blog\/wp-content\/uploads\/2025\/04\/post_Screenshot_20250424_144607_Instagram.jpg 650w, https:\/\/acodepa.org\/blog\/wp-content\/uploads\/2025\/04\/post_Screenshot_20250424_144607_Instagram-300x175.jpg 300w\" sizes=\"(max-width: 640px) 100vw, 640px\" \/>\t\t\t\t\t\t\t\t\t\t\t\t\t\t\t<\/div>\n\t\t\t\t<\/div>\n\t\t\t\t<div class=\"elementor-element elementor-element-f057b9a elementor-widget elementor-widget-heading\" data-id=\"f057b9a\" data-element_type=\"widget\" data-e-type=\"widget\" data-widget_type=\"heading.default\">\n\t\t\t\t<div class=\"elementor-widget-container\">\n\t\t\t\t\t<h2 class=\"elementor-heading-title elementor-size-default\">Colombia y Argentina tambi\u00e9n se lucen\n<\/h2>\t\t\t\t<\/div>\n\t\t\t\t<\/div>\n\t\t\t\t<div class=\"elementor-element elementor-element-1a55c78 elementor-widget elementor-widget-text-editor\" data-id=\"1a55c78\" data-element_type=\"widget\" data-e-type=\"widget\" data-widget_type=\"text-editor.default\">\n\t\t\t\t<div class=\"elementor-widget-container\">\n\t\t\t\t\t\t\t\t\t<p class=\"\" data-start=\"1567\" data-end=\"1745\">La joven colombiana <strong data-start=\"1587\" data-end=\"1603\">Brenda Olaya<\/strong>, reciente campeona mundial junior, conquist\u00f3 el <strong data-start=\"1652\" data-end=\"1669\">oro en -78 kg<\/strong>, mostrando un futuro prometedor. Tambi\u00e9n aportaron al medallero colombiano:<\/p>\n<ul data-start=\"1746\" data-end=\"1832\">\n<li class=\"\" data-start=\"1746\" data-end=\"1789\">\n<p class=\"\" data-start=\"1748\" data-end=\"1789\"><strong data-start=\"1748\" data-end=\"1769\">Francisco Balanta<\/strong> (bronce en -100 kg)<\/p>\n<\/li>\n<li class=\"\" data-start=\"1790\" data-end=\"1832\">\n<p class=\"\" data-start=\"1792\" data-end=\"1832\"><strong data-start=\"1792\" data-end=\"1813\">Brigitte Carabali<\/strong> (bronce en +78 kg)<\/p>\n<\/li>\n<\/ul>\n<p class=\"\" data-start=\"1834\" data-end=\"1882\">Por su parte, Argentina sum\u00f3 <strong data-start=\"1863\" data-end=\"1881\">cinco medallas<\/strong>:<\/p>\n<ul data-start=\"1883\" data-end=\"2076\">\n<li class=\"\" data-start=\"1883\" data-end=\"1919\">\n<p class=\"\" data-start=\"1885\" data-end=\"1919\"><strong data-start=\"1885\" data-end=\"1901\">Mariano Coto<\/strong> (plata en -90 kg)<\/p>\n<\/li>\n<li class=\"\" data-start=\"1920\" data-end=\"1956\">\n<p class=\"\" data-start=\"1922\" data-end=\"1956\"><strong data-start=\"1922\" data-end=\"1937\">Agust\u00edn Gil<\/strong> (bronce en -81 kg)<\/p>\n<\/li>\n<li class=\"\" data-start=\"1957\" data-end=\"1995\">\n<p class=\"\" data-start=\"1959\" data-end=\"1995\"><strong data-start=\"1959\" data-end=\"1975\">Ivo Dargoltz<\/strong> (bronce en -100 kg)<\/p>\n<\/li>\n<li class=\"\" data-start=\"1996\" data-end=\"2034\">\n<p class=\"\" data-start=\"1998\" data-end=\"2034\"><strong data-start=\"1998\" data-end=\"2015\">Keisy Perafan<\/strong> (bronce en -52 kg)<\/p>\n<\/li>\n<li class=\"\" data-start=\"2035\" data-end=\"2076\">\n<p class=\"\" data-start=\"2037\" data-end=\"2076\"><strong data-start=\"2037\" data-end=\"2057\">Agustina Lahiton<\/strong> (bronce en -52 kg)<\/p>\n<\/li>\n<\/ul>\n<p class=\"\" data-start=\"2078\" data-end=\"2159\">Estos resultados ratifican el crecimiento del judo argentino a nivel continental.<\/p>\t\t\t\t\t\t\t\t<\/div>\n\t\t\t\t<\/div>\n\t\t\t\t<div class=\"elementor-element elementor-element-179d1f7 elementor-widget elementor-widget-heading\" data-id=\"179d1f7\" data-element_type=\"widget\" data-e-type=\"widget\" data-widget_type=\"heading.default\">\n\t\t\t\t<div class=\"elementor-widget-container\">\n\t\t\t\t\t<h2 class=\"elementor-heading-title elementor-size-default\">Chile, el anfitri\u00f3n, suma dos bronces\n\n<\/h2>\t\t\t\t<\/div>\n\t\t\t\t<\/div>\n\t\t\t\t<div class=\"elementor-element elementor-element-0482ba3 elementor-widget elementor-widget-text-editor\" data-id=\"0482ba3\" data-element_type=\"widget\" data-e-type=\"widget\" data-widget_type=\"text-editor.default\">\n\t\t\t\t<div class=\"elementor-widget-container\">\n\t\t\t\t\t\t\t\t\t<p class=\"\" data-start=\"2203\" data-end=\"2295\">La delegaci\u00f3n chilena tambi\u00e9n tuvo motivos para celebrar, obteniendo dos medallas de bronce:<\/p>\n<ul data-start=\"2296\" data-end=\"2358\">\n<li class=\"\" data-start=\"2296\" data-end=\"2326\">\n<p class=\"\" data-start=\"2298\" data-end=\"2326\"><strong data-start=\"2298\" data-end=\"2317\">Mary Dee Vargas<\/strong> (-48 kg)<\/p>\n<\/li>\n<li class=\"\" data-start=\"2327\" data-end=\"2358\">\n<p class=\"\" data-start=\"2329\" data-end=\"2358\"><strong data-start=\"2329\" data-end=\"2348\">Francisco Sol\u00eds<\/strong> (+100 kg)<\/p>\n<\/li>\n<\/ul>\n<p class=\"\" data-start=\"2360\" data-end=\"2431\">Una participaci\u00f3n que dej\u00f3 buenas sensaciones para el pa\u00eds organizador.<\/p>\t\t\t\t\t\t\t\t<\/div>\n\t\t\t\t<\/div>\n\t\t\t\t<div class=\"elementor-element elementor-element-580a0bb elementor-widget elementor-widget-heading\" data-id=\"580a0bb\" data-element_type=\"widget\" data-e-type=\"widget\" data-widget_type=\"heading.default\">\n\t\t\t\t<div class=\"elementor-widget-container\">\n\t\t\t\t\t<h2 class=\"elementor-heading-title elementor-size-default\">M\u00e9xico queda a las puertas del podio\n\n\n<\/h2>\t\t\t\t<\/div>\n\t\t\t\t<\/div>\n\t\t\t\t<div class=\"elementor-element elementor-element-60e1e7d elementor-widget elementor-widget-text-editor\" data-id=\"60e1e7d\" data-element_type=\"widget\" data-e-type=\"widget\" data-widget_type=\"text-editor.default\">\n\t\t\t\t<div class=\"elementor-widget-container\">\n\t\t\t\t\t\t\t\t\t<p class=\"\" data-start=\"2474\" data-end=\"2737\">A pesar del esfuerzo, M\u00e9xico no logr\u00f3 subir al podio en esta edici\u00f3n del Panamericano. Sin la presencia de su medallista ol\u00edmpica <strong data-start=\"2604\" data-end=\"2620\">Prisca Awiti<\/strong>, siete de los ocho judocas mexicanos cayeron en el \u00faltimo combate de la repesca, quedando a un paso de las medallas.<\/p>\n<h2 class=\"\" data-start=\"2739\" data-end=\"2762\">\u00a0<\/h2>\t\t\t\t\t\t\t\t<\/div>\n\t\t\t\t<\/div>\n\t\t\t\t<\/div>\n\t\t<div data-particle_enable=\"false\" data-particle-mobile-disabled=\"false\" class=\"elementor-element elementor-element-907f375 e-con-full e-flex e-con e-child\" data-id=\"907f375\" data-element_type=\"container\" data-e-type=\"container\">\n\t\t\t\t<\/div>\n\t\t\t\t<\/div>\n\t\t\t\t<\/div>\n\t\t","protected":false},"excerpt":{"rendered":"<p>El Campeonato Panamericano y de Ocean\u00eda de Judo 2025, celebrado entre el 25 y el [&hellip;]<\/p>\n","protected":false},"author":2,"featured_media":160,"comment_status":"closed","ping_status":"closed","sticky":false,"template":"","format":"standard","meta":{"footnotes":""},"categories":[6],"tags":[],"class_list":["post-154","post","type-post","status-publish","format-standard","has-post-thumbnail","hentry","category-deportes"],"_links":{"self":[{"href":"https:\/\/acodepa.org\/blog\/wp-json\/wp\/v2\/posts\/154","targetHints":{"allow":["GET"]}}],"collection":[{"href":"https:\/\/acodepa.org\/blog\/wp-json\/wp\/v2\/posts"}],"about":[{"href":"https:\/\/acodepa.org\/blog\/wp-json\/wp\/v2\/types\/post"}],"author":[{"embeddable":true,"href":"https:\/\/acodepa.org\/blog\/wp-json\/wp\/v2\/users\/2"}],"replies":[{"embeddable":true,"href":"https:\/\/acodepa.org\/blog\/wp-json\/wp\/v2\/comments?post=154"}],"version-history":[{"count":4,"href":"https:\/\/acodepa.org\/blog\/wp-json\/wp\/v2\/posts\/154\/revisions"}],"predecessor-version":[{"id":161,"href":"https:\/\/acodepa.org\/blog\/wp-json\/wp\/v2\/posts\/154\/revisions\/161"}],"wp:featuredmedia":[{"embeddable":true,"href":"https:\/\/acodepa.org\/blog\/wp-json\/wp\/v2\/media\/160"}],"wp:attachment":[{"href":"https:\/\/acodepa.org\/blog\/wp-json\/wp\/v2\/media?parent=154"}],"wp:term":[{"taxonomy":"category","embeddable":true,"href":"https:\/\/acodepa.org\/blog\/wp-json\/wp\/v2\/categories?post=154"},{"taxonomy":"post_tag","embeddable":true,"href":"https:\/\/acodepa.org\/blog\/wp-json\/wp\/v2\/tags?post=154"}],"curies":[{"name":"wp","href":"https:\/\/api.w.org\/{rel}","templated":true}]}}